{"id":22805,"date":"2024-06-11T14:24:00","date_gmt":"2024-06-11T12:24:00","guid":{"rendered":"https:\/\/www.everybodysperfect.ch\/levante\/"},"modified":"2024-10-22T15:32:19","modified_gmt":"2024-10-22T13:32:19","slug":"levante","status":"publish","type":"post","link":"https:\/\/www.everybodysperfect.ch\/en\/levante\/","title":{"rendered":"Levante"},"content":{"rendered":"<!--themify_builder_content-->\n<div id=\"themify_builder_content-22805\" data-postid=\"22805\" class=\"themify_builder_content themify_builder_content-22805 themify_builder tf_clear\">\n                    <div  data-lazy=\"1\" class=\"module_row themify_builder_row tb_i9ps966 tb_first tf_w\">\n                        <div class=\"row_inner col_align_top tb_col_count_1 tf_box tf_rel\">\n                        <div  data-lazy=\"1\" class=\"module_column tb-column col-full tb_pufa966 first\">\n                    <!-- module text -->\n<div  class=\"module module-text tb_fhtw992   \" data-lazy=\"1\">\n        <div  class=\"tb_text_wrap\">\n        <p><strong>EVERYBODY\u2019S PERFECT soutient la sortie du film LEVANTE<\/strong><\/p>\n<p><strong>mercredi 3 avril 2024 \u00e0 20h aux Cin\u00e9mas du Gr\u00fctli<\/strong><\/p>\n<p><strong>LEVANTE<\/strong> fiction de Lillah Halla, Br\u00e9sil, 92min, 2023<br>Puissant et \u00e9mancipateur, LEVANTE raconte de mani\u00e8re tr\u00e8s inspirante le quotidien d\u2019une jeune femme qui se bat contre le syst\u00e8me br\u00e9silien, sous l\u2019\u00e8re Bolsonaro.<br>Pr\u00e9sent\u00e9 \u00e0 la Semaine de la Critique et en lice pour la Queer Palm au dernier Festival de Cannes, s\u00e9lectionn\u00e9 dans pr\u00e8s de 40 festivals et aur\u00e9ol\u00e9 d\u2019une dizaine de prix, dont le prix du Jury des jeunes \u00e0 IFF Rotterdam et de la meilleure r\u00e9alisation au festival de Rio<\/p>    <\/div>\n<\/div>\n<!-- \/module text -->        <\/div>\n                        <\/div>\n        <\/div>\n        <\/div>\n<!--\/themify_builder_content-->","protected":false},"excerpt":{"rendered":"<p>EVERYBODY\u2019S PERFECT soutient la sortie du film LEVANTE mercredi 3 avril 2024 \u00e0 20h aux Cin\u00e9mas du Gr\u00fctli LEVANTE fiction de Lillah Halla, Br\u00e9sil, 92min, 2023Puissant et \u00e9mancipateur, LEVANTE raconte de mani\u00e8re tr\u00e8s inspirante le quotidien d\u2019une jeune femme qui se bat contre le syst\u00e8me br\u00e9silien, sous l\u2019\u00e8re Bolsonaro.Pr\u00e9sent\u00e9 \u00e0 la Semaine de la Critique [&hellip;]<\/p>\n","protected":false},"author":1,"featured_media":22423,"comment_status":"closed","ping_status":"closed","sticky":false,"template":"","format":"standard","meta":{"_acf_changed":false,"footnotes":""},"categories":[1],"tags":[],"class_list":["post-22805","post","type-post","status-publish","format-standard","has-post-thumbnail","hentry","category-unclassified"],"acf":[],"builder_content":"<p><strong>EVERYBODY\u2019S PERFECT soutient la sortie du film LEVANTE<\/strong><\/p> <p><strong>mercredi 3 avril 2024 \u00e0 20h aux Cin\u00e9mas du Gr\u00fctli<\/strong><\/p> <p><strong>LEVANTE<\/strong> fiction de Lillah Halla, Br\u00e9sil, 92min, 2023<br>Puissant et \u00e9mancipateur, LEVANTE raconte de mani\u00e8re tr\u00e8s inspirante le quotidien d\u2019une jeune femme qui se bat contre le syst\u00e8me br\u00e9silien, sous l\u2019\u00e8re Bolsonaro.<br>Pr\u00e9sent\u00e9 \u00e0 la Semaine de la Critique et en lice pour la Queer Palm au dernier Festival de Cannes, s\u00e9lectionn\u00e9 dans pr\u00e8s de 40 festivals et aur\u00e9ol\u00e9 d\u2019une dizaine de prix, dont le prix du Jury des jeunes \u00e0 IFF Rotterdam et de la meilleure r\u00e9alisation au festival de Rio<\/p>","_links":{"self":[{"href":"https:\/\/www.everybodysperfect.ch\/en\/wp-json\/wp\/v2\/posts\/22805","targetHints":{"allow":["GET"]}}],"collection":[{"href":"https:\/\/www.everybodysperfect.ch\/en\/wp-json\/wp\/v2\/posts"}],"about":[{"href":"https:\/\/www.everybodysperfect.ch\/en\/wp-json\/wp\/v2\/types\/post"}],"author":[{"embeddable":true,"href":"https:\/\/www.everybodysperfect.ch\/en\/wp-json\/wp\/v2\/users\/1"}],"replies":[{"embeddable":true,"href":"https:\/\/www.everybodysperfect.ch\/en\/wp-json\/wp\/v2\/comments?post=22805"}],"version-history":[{"count":1,"href":"https:\/\/www.everybodysperfect.ch\/en\/wp-json\/wp\/v2\/posts\/22805\/revisions"}],"predecessor-version":[{"id":22806,"href":"https:\/\/www.everybodysperfect.ch\/en\/wp-json\/wp\/v2\/posts\/22805\/revisions\/22806"}],"wp:featuredmedia":[{"embeddable":true,"href":"https:\/\/www.everybodysperfect.ch\/en\/wp-json\/wp\/v2\/media\/22423"}],"wp:attachment":[{"href":"https:\/\/www.everybodysperfect.ch\/en\/wp-json\/wp\/v2\/media?parent=22805"}],"wp:term":[{"taxonomy":"category","embeddable":true,"href":"https:\/\/www.everybodysperfect.ch\/en\/wp-json\/wp\/v2\/categories?post=22805"},{"taxonomy":"post_tag","embeddable":true,"href":"https:\/\/www.everybodysperfect.ch\/en\/wp-json\/wp\/v2\/tags?post=22805"}],"curies":[{"name":"wp","href":"https:\/\/api.w.org\/{rel}","templated":true}]}}